{"id":11661,"date":"2025-02-17T16:33:30","date_gmt":"2025-02-17T19:33:30","guid":{"rendered":"https:\/\/aniu.org.uy\/sin-categorizar\/notes-on-climate-change-and-its-impact-on-uruguay-an-analysis-by-eng-victor-sposito\/"},"modified":"2025-02-17T16:39:55","modified_gmt":"2025-02-17T19:39:55","slug":"notes-on-climate-change-and-its-impact-on-uruguay-an-analysis-by-eng-victor-sposito","status":"publish","type":"post","link":"https:\/\/respaldo.aniu.org.uy\/en\/news\/notes-on-climate-change-and-its-impact-on-uruguay-an-analysis-by-eng-victor-sposito\/","title":{"rendered":"Notes on climate change and its impact on Uruguay"},"content":{"rendered":"<p>Climate change is one of the <strong>greatest challenges<\/strong> facing humanity in the 21st century. In this context, Eng. V\u00edctor Sp\u00f3sito Acquistapace presents his article &#8220;<a href=\"https:\/\/respaldo.aniu.org.uy\/wp-content\/uploads\/2025\/02\/notas-sobre-el-cambio-de-clima-victor-sposito-1.pdf\">Notes on Climate Change, Climate Extremes and Adaptation with Reference to Uruguay<\/a>&#8220;, where he analyzes the main reports of the Intergovernmental Panel on Climate Change (IPCC) and provides <strong>research<\/strong> results <strong>developed by Uruguayans<\/strong> at Deakin University, Australia.  <!--more--><\/p>\n<h2>A global problem with local impacts<\/h2>\n<p>The Esposito report highlights that climate changes are occurring <strong>faster than predicted<\/strong> and that some of the critical thresholds for Earth system stability may have already been exceeded.<\/p>\n<p>In particular, the report warns of <strong>the increase in extreme events<\/strong> such as heat waves, prolonged droughts and intense rainfall, which have <strong>direct consequences in Uruguay<\/strong>.<\/p>\n<p>The document highlights <strong>the country&#8217;s vulnerability<\/strong> due to its dependence on climate-sensitive activities such as agricultural production, hydropower generation and water resource management.<\/p>\n<p>At the same time, it emphasizes the need to strengthen adaptive capacity to <strong>minimize risks and ensure the resilience<\/strong> of Uruguayan society.<\/p>\n<h2>The role of methane and livestock<\/h2>\n<p>One of the central points of the article is the <strong>impact of greenhouse gases<\/strong>, in particular methane, largely from enteric fermentation of livestock.<\/p>\n<p>Sp\u00f3sito points out that, although Uruguay has made progress in the energy transition with a matrix based on renewable sources, the reduction of emissions from the agricultural sector remains <strong>a key challenge<\/strong> to meet the commitments made in the <a href=\"https:\/\/www.un.org\/es\/climatechange\/paris-agreement\">Paris Agreement<\/a>.<\/p>\n<p>The document presents <strong>strategies and recent studies<\/strong> that explore solutions such as new soil management practices, the use of additives in livestock feed and the incorporation of forage species with the capacity to reduce methane emissions.<\/p>\n<p>Particularly noteworthy is the use of red algae of the genus Asparagopsis, which has been shown to significantly reduce methane production in ruminants.<\/p>\n<h2>Climate projections for Uruguay<\/h2>\n<p>According to the scenarios analyzed by the IPCC and other sources, Uruguay could experience an <strong>annual average temperature increase<\/strong> of between 1.2 \u00b0C and 1.9 \u00b0C by 2040 and up to 5.5 \u00b0C by 2100 in the high emissions scenarios.<\/p>\n<p>In addition,<strong> changes in the precipitation regime<\/strong> are projected, with a 30% increase in autumn and an increase in the intensity of extreme rainfall events towards the end of the century.<\/p>\n<h2>Towards sustainable adaptation<\/h2>\n<p>Sp\u00f3sito argues that responses to climate change <strong>cannot be limited to traditional technical or economic approaches<\/strong>.<\/p>\n<p>It proposes integrating the Systems Thinking paradigm to <strong>address the problem holistically<\/strong>, considering the interconnections between natural and human systems.<\/p>\n<p>Among the adaptation strategies for Uruguay, the document highlights:<\/p>\n<ul>\n<li>Improved <strong>management of water resources<\/strong> to cope with droughts and floods, including the use of blue-green infrastructure.<\/li>\n<li>The promotion of <strong>sustainable and climate-resilient agricultural practices<\/strong>, including land suitability analysis (LSA) to identify the best areas for cultivation in the face of climate change.<\/li>\n<li><strong>Urban planning<\/strong> with green infrastructure to reduce the impact of heat islands and optimize water use.<\/li>\n<\/ul>\n<h2>About the author<\/h2>\n<p>Eng. V\u00edctor Sp\u00f3sito Acquistapace is a Civil Engineer from Universidad de la Rep\u00fablica, MPhil in Regional Planning and Urban Design (University of Edinburgh) and MSc in Civil Engineering (University of Texas).<\/p>\n<p>He has held strategic positions in the government of Victoria, Australia, and has been <strong>instrumental in the signing of academic agreements<\/strong> between Uruguayan universities and Deakin University.<\/p>\n","protected":false},"excerpt":{"rendered":"<p>Climate change is one of the greatest challenges facing humanity in the 21st century. In this context, Eng. V\u00edctor Sp\u00f3sito Acquistapace presents his article &#8220;Notes on Climate Change, Climate Extremes and Adaptation with Reference to Uruguay&#8220;, where he analyzes the main reports of the Intergovernmental Panel on Climate Change (IPCC) and provides research results developed [&hellip;]<\/p>\n","protected":false},"author":3,"featured_media":11655,"comment_status":"closed","ping_status":"closed","sticky":false,"template":"","format":"standard","meta":{"rs_blank_template":"","rs_page_bg_color":"","slide_template_v7":"","footnotes":"","_members_access_role":[],"_members_access_error":""},"categories":[104,80],"tags":[],"class_list":["post-11661","post","type-post","status-publish","format-standard","has-post-thumbnail","hentry","category-2025-en","category-news"],"aioseo_notices":[],"aioseo_head":"\n\t\t<!-- All in One SEO 5.0.1.1 - aioseo.com -->\n\t<meta name=\"description\" content=\"Eng. V\u00edctor Sp\u00f3sito presents his article &quot;Notes on Climate Change, Climate Extremes and Adaptation with Reference to Uruguay&quot;.\" \/>\n\t<meta name=\"robots\" content=\"noindex, nofollow, max-image-preview:large\" \/>\n\t<meta name=\"author\" content=\"Sebasti\u00e1n Haro\"\/>\n\t<link rel=\"canonical\" href=\"https:\/\/respaldo.aniu.org.uy\/en\/news\/notes-on-climate-change-and-its-impact-on-uruguay-an-analysis-by-eng-victor-sposito\/\" \/>\n\t<meta name=\"generator\" content=\"All in One SEO (AIOSEO) 5.0.1.1\" \/>\n\t\t<meta property=\"og:locale\" content=\"en_US\" \/>\n\t\t<meta property=\"og:site_name\" content=\"Academia Nacional de Ingenier\u00eda del Uruguay - ANIU\" \/>\n\t\t<meta property=\"og:type\" content=\"article\" \/>\n\t\t<meta property=\"og:title\" content=\"Climate change and its impact on Uruguay\" \/>\n\t\t<meta property=\"og:description\" content=\"Eng. V\u00edctor Sp\u00f3sito presents his article &quot;Notes on Climate Change, Climate Extremes and Adaptation with Reference to Uruguay&quot;.\" \/>\n\t\t<meta property=\"og:url\" content=\"https:\/\/respaldo.aniu.org.uy\/en\/news\/notes-on-climate-change-and-its-impact-on-uruguay-an-analysis-by-eng-victor-sposito\/\" \/>\n\t\t<meta property=\"og:image\" content=\"https:\/\/respaldo.aniu.org.uy\/wp-content\/uploads\/2022\/12\/cropped-logo-aniu-web.png\" \/>\n\t\t<meta property=\"og:image:secure_url\" content=\"https:\/\/respaldo.aniu.org.uy\/wp-content\/uploads\/2022\/12\/cropped-logo-aniu-web.png\" \/>\n\t\t<meta property=\"article:published_time\" content=\"2025-02-17T19:33:30+00:00\" \/>\n\t\t<meta property=\"article:modified_time\" content=\"2025-02-17T19:39:55+00:00\" \/>\n\t\t<meta name=\"twitter:card\" content=\"summary_large_image\" \/>\n\t\t<meta name=\"twitter:title\" content=\"Climate change and its impact on Uruguay\" \/>\n\t\t<meta name=\"twitter:description\" content=\"Eng. V\u00edctor Sp\u00f3sito presents his article &quot;Notes on Climate Change, Climate Extremes and Adaptation with Reference to Uruguay&quot;.\" \/>\n\t\t<meta name=\"twitter:image\" content=\"https:\/\/respaldo.aniu.org.uy\/wp-content\/uploads\/2022\/12\/cropped-logo-aniu-web.png\" \/>\n\t\t<script type=\"application\/ld+json\" class=\"aioseo-schema\">\n\t\t\t{\"@context\":\"https:\\\/\\\/schema.org\",\"@graph\":[{\"@type\":\"BlogPosting\",\"@id\":\"https:\\\/\\\/respaldo.aniu.org.uy\\\/en\\\/news\\\/notes-on-climate-change-and-its-impact-on-uruguay-an-analysis-by-eng-victor-sposito\\\/#blogposting\",\"name\":\"Climate change and its impact on Uruguay\",\"headline\":\"Notes on climate change and its impact on Uruguay\",\"author\":{\"@id\":\"https:\\\/\\\/respaldo.aniu.org.uy\\\/en\\\/author\\\/aniu\\\/#author\"},\"publisher\":{\"@id\":\"https:\\\/\\\/respaldo.aniu.org.uy\\\/en\\\/#organization\"},\"image\":{\"@type\":\"ImageObject\",\"url\":\"https:\\\/\\\/respaldo.aniu.org.uy\\\/wp-content\\\/uploads\\\/2025\\\/02\\\/el-cambio-climatico-y-su-impacto-en-uruguay.jpg\",\"width\":1230,\"height\":630,\"caption\":\"El cambio clim\\u00e1tico y su impacto en Uruguay\"},\"datePublished\":\"2025-02-17T16:33:30-03:00\",\"dateModified\":\"2025-02-17T16:39:55-03:00\",\"inLanguage\":\"en-US\",\"mainEntityOfPage\":{\"@id\":\"https:\\\/\\\/respaldo.aniu.org.uy\\\/en\\\/news\\\/notes-on-climate-change-and-its-impact-on-uruguay-an-analysis-by-eng-victor-sposito\\\/#webpage\"},\"isPartOf\":{\"@id\":\"https:\\\/\\\/respaldo.aniu.org.uy\\\/en\\\/news\\\/notes-on-climate-change-and-its-impact-on-uruguay-an-analysis-by-eng-victor-sposito\\\/#webpage\"},\"articleSection\":\"2025, News, Optional\"},{\"@type\":\"BreadcrumbList\",\"@id\":\"https:\\\/\\\/respaldo.aniu.org.uy\\\/en\\\/news\\\/notes-on-climate-change-and-its-impact-on-uruguay-an-analysis-by-eng-victor-sposito\\\/#breadcrumblist\",\"itemListElement\":[{\"@type\":\"ListItem\",\"@id\":\"https:\\\/\\\/respaldo.aniu.org.uy\\\/en\\\/#listItem\",\"position\":1,\"name\":\"Inicio\",\"item\":\"https:\\\/\\\/respaldo.aniu.org.uy\\\/en\\\/\",\"nextItem\":{\"@type\":\"ListItem\",\"@id\":\"https:\\\/\\\/respaldo.aniu.org.uy\\\/en\\\/category\\\/news\\\/#listItem\",\"name\":\"News\"}},{\"@type\":\"ListItem\",\"@id\":\"https:\\\/\\\/respaldo.aniu.org.uy\\\/en\\\/category\\\/news\\\/#listItem\",\"position\":2,\"name\":\"News\",\"item\":\"https:\\\/\\\/respaldo.aniu.org.uy\\\/en\\\/category\\\/news\\\/\",\"nextItem\":{\"@type\":\"ListItem\",\"@id\":\"https:\\\/\\\/respaldo.aniu.org.uy\\\/en\\\/category\\\/news\\\/2025-en\\\/#listItem\",\"name\":\"2025\"},\"previousItem\":{\"@type\":\"ListItem\",\"@id\":\"https:\\\/\\\/respaldo.aniu.org.uy\\\/en\\\/#listItem\",\"name\":\"Inicio\"}},{\"@type\":\"ListItem\",\"@id\":\"https:\\\/\\\/respaldo.aniu.org.uy\\\/en\\\/category\\\/news\\\/2025-en\\\/#listItem\",\"position\":3,\"name\":\"2025\",\"item\":\"https:\\\/\\\/respaldo.aniu.org.uy\\\/en\\\/category\\\/news\\\/2025-en\\\/\",\"nextItem\":{\"@type\":\"ListItem\",\"@id\":\"https:\\\/\\\/respaldo.aniu.org.uy\\\/en\\\/news\\\/notes-on-climate-change-and-its-impact-on-uruguay-an-analysis-by-eng-victor-sposito\\\/#listItem\",\"name\":\"Notes on climate change and its impact on Uruguay\"},\"previousItem\":{\"@type\":\"ListItem\",\"@id\":\"https:\\\/\\\/respaldo.aniu.org.uy\\\/en\\\/category\\\/news\\\/#listItem\",\"name\":\"News\"}},{\"@type\":\"ListItem\",\"@id\":\"https:\\\/\\\/respaldo.aniu.org.uy\\\/en\\\/news\\\/notes-on-climate-change-and-its-impact-on-uruguay-an-analysis-by-eng-victor-sposito\\\/#listItem\",\"position\":4,\"name\":\"Notes on climate change and its impact on Uruguay\",\"previousItem\":{\"@type\":\"ListItem\",\"@id\":\"https:\\\/\\\/respaldo.aniu.org.uy\\\/en\\\/category\\\/news\\\/2025-en\\\/#listItem\",\"name\":\"2025\"}}]},{\"@type\":\"Organization\",\"@id\":\"https:\\\/\\\/respaldo.aniu.org.uy\\\/en\\\/#organization\",\"name\":\"Academia Nacional de Ingenier\\u00eda del Uruguay\",\"description\":\"ANIU\",\"url\":\"https:\\\/\\\/respaldo.aniu.org.uy\\\/en\\\/\",\"telephone\":\"+59829011762\",\"logo\":{\"@type\":\"ImageObject\",\"url\":\"https:\\\/\\\/respaldo.aniu.org.uy\\\/wp-content\\\/uploads\\\/2022\\\/12\\\/cropped-logo-aniu-web.png\",\"@id\":\"https:\\\/\\\/respaldo.aniu.org.uy\\\/en\\\/news\\\/notes-on-climate-change-and-its-impact-on-uruguay-an-analysis-by-eng-victor-sposito\\\/#organizationLogo\",\"width\":900,\"height\":170},\"image\":{\"@id\":\"https:\\\/\\\/respaldo.aniu.org.uy\\\/en\\\/news\\\/notes-on-climate-change-and-its-impact-on-uruguay-an-analysis-by-eng-victor-sposito\\\/#organizationLogo\"}},{\"@type\":\"Person\",\"@id\":\"https:\\\/\\\/respaldo.aniu.org.uy\\\/en\\\/author\\\/aniu\\\/#author\",\"url\":\"https:\\\/\\\/respaldo.aniu.org.uy\\\/en\\\/author\\\/aniu\\\/\",\"name\":\"Sebasti\\u00e1n Haro\",\"image\":{\"@type\":\"ImageObject\",\"@id\":\"https:\\\/\\\/respaldo.aniu.org.uy\\\/en\\\/news\\\/notes-on-climate-change-and-its-impact-on-uruguay-an-analysis-by-eng-victor-sposito\\\/#authorImage\",\"url\":\"https:\\\/\\\/secure.gravatar.com\\\/avatar\\\/1270ef2cad1d38518f5d7a13549a8b2ed679529b0382c1f3ef2894b4b7961a2f?s=80&d=mm&r=g\",\"width\":80,\"height\":80,\"caption\":\"Sebasti\\u00e1n Haro\"}},{\"@type\":\"WebPage\",\"@id\":\"https:\\\/\\\/respaldo.aniu.org.uy\\\/en\\\/news\\\/notes-on-climate-change-and-its-impact-on-uruguay-an-analysis-by-eng-victor-sposito\\\/#webpage\",\"url\":\"https:\\\/\\\/respaldo.aniu.org.uy\\\/en\\\/news\\\/notes-on-climate-change-and-its-impact-on-uruguay-an-analysis-by-eng-victor-sposito\\\/\",\"name\":\"Climate change and its impact on Uruguay\",\"description\":\"Eng. V\\u00edctor Sp\\u00f3sito presents his article \\\"Notes on Climate Change, Climate Extremes and Adaptation with Reference to Uruguay\\\".\",\"inLanguage\":\"en-US\",\"isPartOf\":{\"@id\":\"https:\\\/\\\/respaldo.aniu.org.uy\\\/en\\\/#website\"},\"breadcrumb\":{\"@id\":\"https:\\\/\\\/respaldo.aniu.org.uy\\\/en\\\/news\\\/notes-on-climate-change-and-its-impact-on-uruguay-an-analysis-by-eng-victor-sposito\\\/#breadcrumblist\"},\"author\":{\"@id\":\"https:\\\/\\\/respaldo.aniu.org.uy\\\/en\\\/author\\\/aniu\\\/#author\"},\"creator\":{\"@id\":\"https:\\\/\\\/respaldo.aniu.org.uy\\\/en\\\/author\\\/aniu\\\/#author\"},\"image\":{\"@type\":\"ImageObject\",\"url\":\"https:\\\/\\\/respaldo.aniu.org.uy\\\/wp-content\\\/uploads\\\/2025\\\/02\\\/el-cambio-climatico-y-su-impacto-en-uruguay.jpg\",\"@id\":\"https:\\\/\\\/respaldo.aniu.org.uy\\\/en\\\/news\\\/notes-on-climate-change-and-its-impact-on-uruguay-an-analysis-by-eng-victor-sposito\\\/#mainImage\",\"width\":1230,\"height\":630,\"caption\":\"El cambio clim\\u00e1tico y su impacto en Uruguay\"},\"primaryImageOfPage\":{\"@id\":\"https:\\\/\\\/respaldo.aniu.org.uy\\\/en\\\/news\\\/notes-on-climate-change-and-its-impact-on-uruguay-an-analysis-by-eng-victor-sposito\\\/#mainImage\"},\"datePublished\":\"2025-02-17T16:33:30-03:00\",\"dateModified\":\"2025-02-17T16:39:55-03:00\"},{\"@type\":\"WebSite\",\"@id\":\"https:\\\/\\\/respaldo.aniu.org.uy\\\/en\\\/#website\",\"url\":\"https:\\\/\\\/respaldo.aniu.org.uy\\\/en\\\/\",\"name\":\"Academia Nacional de Ingenier\\u00eda del Uruguay\",\"description\":\"ANIU\",\"inLanguage\":\"en-US\",\"publisher\":{\"@id\":\"https:\\\/\\\/respaldo.aniu.org.uy\\\/en\\\/#organization\"}}]}\n\t\t<\/script>\n\t\t<!-- All in One SEO -->\n\n","aioseo_head_json":{"title":"Climate change and its impact on Uruguay","description":"Eng. V\u00edctor Sp\u00f3sito presents his article \"Notes on Climate Change, Climate Extremes and Adaptation with Reference to Uruguay\".","canonical_url":"https:\/\/respaldo.aniu.org.uy\/en\/news\/notes-on-climate-change-and-its-impact-on-uruguay-an-analysis-by-eng-victor-sposito\/","robots":"noindex, nofollow, max-image-preview:large","keywords":"","webmasterTools":{"miscellaneous":""},"schema":{"@context":"https:\/\/schema.org","@graph":[{"@type":"BlogPosting","@id":"https:\/\/respaldo.aniu.org.uy\/en\/news\/notes-on-climate-change-and-its-impact-on-uruguay-an-analysis-by-eng-victor-sposito\/#blogposting","name":"Climate change and its impact on Uruguay","headline":"Notes on climate change and its impact on Uruguay","author":{"@id":"https:\/\/respaldo.aniu.org.uy\/en\/author\/aniu\/#author"},"publisher":{"@id":"https:\/\/respaldo.aniu.org.uy\/en\/#organization"},"image":{"@type":"ImageObject","url":"https:\/\/respaldo.aniu.org.uy\/wp-content\/uploads\/2025\/02\/el-cambio-climatico-y-su-impacto-en-uruguay.jpg","width":1230,"height":630,"caption":"El cambio clim\u00e1tico y su impacto en Uruguay"},"datePublished":"2025-02-17T16:33:30-03:00","dateModified":"2025-02-17T16:39:55-03:00","inLanguage":"en-US","mainEntityOfPage":{"@id":"https:\/\/respaldo.aniu.org.uy\/en\/news\/notes-on-climate-change-and-its-impact-on-uruguay-an-analysis-by-eng-victor-sposito\/#webpage"},"isPartOf":{"@id":"https:\/\/respaldo.aniu.org.uy\/en\/news\/notes-on-climate-change-and-its-impact-on-uruguay-an-analysis-by-eng-victor-sposito\/#webpage"},"articleSection":"2025, News, Optional"},{"@type":"BreadcrumbList","@id":"https:\/\/respaldo.aniu.org.uy\/en\/news\/notes-on-climate-change-and-its-impact-on-uruguay-an-analysis-by-eng-victor-sposito\/#breadcrumblist","itemListElement":[{"@type":"ListItem","@id":"https:\/\/respaldo.aniu.org.uy\/en\/#listItem","position":1,"name":"Inicio","item":"https:\/\/respaldo.aniu.org.uy\/en\/","nextItem":{"@type":"ListItem","@id":"https:\/\/respaldo.aniu.org.uy\/en\/category\/news\/#listItem","name":"News"}},{"@type":"ListItem","@id":"https:\/\/respaldo.aniu.org.uy\/en\/category\/news\/#listItem","position":2,"name":"News","item":"https:\/\/respaldo.aniu.org.uy\/en\/category\/news\/","nextItem":{"@type":"ListItem","@id":"https:\/\/respaldo.aniu.org.uy\/en\/category\/news\/2025-en\/#listItem","name":"2025"},"previousItem":{"@type":"ListItem","@id":"https:\/\/respaldo.aniu.org.uy\/en\/#listItem","name":"Inicio"}},{"@type":"ListItem","@id":"https:\/\/respaldo.aniu.org.uy\/en\/category\/news\/2025-en\/#listItem","position":3,"name":"2025","item":"https:\/\/respaldo.aniu.org.uy\/en\/category\/news\/2025-en\/","nextItem":{"@type":"ListItem","@id":"https:\/\/respaldo.aniu.org.uy\/en\/news\/notes-on-climate-change-and-its-impact-on-uruguay-an-analysis-by-eng-victor-sposito\/#listItem","name":"Notes on climate change and its impact on Uruguay"},"previousItem":{"@type":"ListItem","@id":"https:\/\/respaldo.aniu.org.uy\/en\/category\/news\/#listItem","name":"News"}},{"@type":"ListItem","@id":"https:\/\/respaldo.aniu.org.uy\/en\/news\/notes-on-climate-change-and-its-impact-on-uruguay-an-analysis-by-eng-victor-sposito\/#listItem","position":4,"name":"Notes on climate change and its impact on Uruguay","previousItem":{"@type":"ListItem","@id":"https:\/\/respaldo.aniu.org.uy\/en\/category\/news\/2025-en\/#listItem","name":"2025"}}]},{"@type":"Organization","@id":"https:\/\/respaldo.aniu.org.uy\/en\/#organization","name":"Academia Nacional de Ingenier\u00eda del Uruguay","description":"ANIU","url":"https:\/\/respaldo.aniu.org.uy\/en\/","telephone":"+59829011762","logo":{"@type":"ImageObject","url":"https:\/\/respaldo.aniu.org.uy\/wp-content\/uploads\/2022\/12\/cropped-logo-aniu-web.png","@id":"https:\/\/respaldo.aniu.org.uy\/en\/news\/notes-on-climate-change-and-its-impact-on-uruguay-an-analysis-by-eng-victor-sposito\/#organizationLogo","width":900,"height":170},"image":{"@id":"https:\/\/respaldo.aniu.org.uy\/en\/news\/notes-on-climate-change-and-its-impact-on-uruguay-an-analysis-by-eng-victor-sposito\/#organizationLogo"}},{"@type":"Person","@id":"https:\/\/respaldo.aniu.org.uy\/en\/author\/aniu\/#author","url":"https:\/\/respaldo.aniu.org.uy\/en\/author\/aniu\/","name":"Sebasti\u00e1n Haro","image":{"@type":"ImageObject","@id":"https:\/\/respaldo.aniu.org.uy\/en\/news\/notes-on-climate-change-and-its-impact-on-uruguay-an-analysis-by-eng-victor-sposito\/#authorImage","url":"https:\/\/secure.gravatar.com\/avatar\/1270ef2cad1d38518f5d7a13549a8b2ed679529b0382c1f3ef2894b4b7961a2f?s=80&d=mm&r=g","width":80,"height":80,"caption":"Sebasti\u00e1n Haro"}},{"@type":"WebPage","@id":"https:\/\/respaldo.aniu.org.uy\/en\/news\/notes-on-climate-change-and-its-impact-on-uruguay-an-analysis-by-eng-victor-sposito\/#webpage","url":"https:\/\/respaldo.aniu.org.uy\/en\/news\/notes-on-climate-change-and-its-impact-on-uruguay-an-analysis-by-eng-victor-sposito\/","name":"Climate change and its impact on Uruguay","description":"Eng. V\u00edctor Sp\u00f3sito presents his article \"Notes on Climate Change, Climate Extremes and Adaptation with Reference to Uruguay\".","inLanguage":"en-US","isPartOf":{"@id":"https:\/\/respaldo.aniu.org.uy\/en\/#website"},"breadcrumb":{"@id":"https:\/\/respaldo.aniu.org.uy\/en\/news\/notes-on-climate-change-and-its-impact-on-uruguay-an-analysis-by-eng-victor-sposito\/#breadcrumblist"},"author":{"@id":"https:\/\/respaldo.aniu.org.uy\/en\/author\/aniu\/#author"},"creator":{"@id":"https:\/\/respaldo.aniu.org.uy\/en\/author\/aniu\/#author"},"image":{"@type":"ImageObject","url":"https:\/\/respaldo.aniu.org.uy\/wp-content\/uploads\/2025\/02\/el-cambio-climatico-y-su-impacto-en-uruguay.jpg","@id":"https:\/\/respaldo.aniu.org.uy\/en\/news\/notes-on-climate-change-and-its-impact-on-uruguay-an-analysis-by-eng-victor-sposito\/#mainImage","width":1230,"height":630,"caption":"El cambio clim\u00e1tico y su impacto en Uruguay"},"primaryImageOfPage":{"@id":"https:\/\/respaldo.aniu.org.uy\/en\/news\/notes-on-climate-change-and-its-impact-on-uruguay-an-analysis-by-eng-victor-sposito\/#mainImage"},"datePublished":"2025-02-17T16:33:30-03:00","dateModified":"2025-02-17T16:39:55-03:00"},{"@type":"WebSite","@id":"https:\/\/respaldo.aniu.org.uy\/en\/#website","url":"https:\/\/respaldo.aniu.org.uy\/en\/","name":"Academia Nacional de Ingenier\u00eda del Uruguay","description":"ANIU","inLanguage":"en-US","publisher":{"@id":"https:\/\/respaldo.aniu.org.uy\/en\/#organization"}}]},"og:locale":"en_US","og:site_name":"Academia Nacional de Ingenier\u00eda del Uruguay - ANIU","og:type":"article","og:title":"Climate change and its impact on Uruguay","og:description":"Eng. V\u00edctor Sp\u00f3sito presents his article &quot;Notes on Climate Change, Climate Extremes and Adaptation with Reference to Uruguay&quot;.","og:url":"https:\/\/respaldo.aniu.org.uy\/en\/news\/notes-on-climate-change-and-its-impact-on-uruguay-an-analysis-by-eng-victor-sposito\/","og:image":"https:\/\/respaldo.aniu.org.uy\/wp-content\/uploads\/2022\/12\/cropped-logo-aniu-web.png","og:image:secure_url":"https:\/\/respaldo.aniu.org.uy\/wp-content\/uploads\/2022\/12\/cropped-logo-aniu-web.png","article:published_time":"2025-02-17T19:33:30+00:00","article:modified_time":"2025-02-17T19:39:55+00:00","twitter:card":"summary_large_image","twitter:title":"Climate change and its impact on Uruguay","twitter:description":"Eng. V\u00edctor Sp\u00f3sito presents his article &quot;Notes on Climate Change, Climate Extremes and Adaptation with Reference to Uruguay&quot;.","twitter:image":"https:\/\/respaldo.aniu.org.uy\/wp-content\/uploads\/2022\/12\/cropped-logo-aniu-web.png"},"aioseo_meta_data":{"post_id":"11661","title":"Climate change and its impact on Uruguay","description":"Eng. V\u00edctor Sp\u00f3sito presents his article \"Notes on Climate Change, Climate Extremes and Adaptation with Reference to Uruguay\".","keywords":null,"keyphrases":{"focus":{"keyphrase":"","score":0,"analysis":{"keyphraseInTitle":{"score":0,"maxScore":9,"error":1}}},"additional":[]},"primary_term":null,"canonical_url":null,"og_title":null,"og_description":null,"og_object_type":"default","og_image_type":"default","og_image_url":null,"og_image_width":null,"og_image_height":null,"og_image_custom_url":null,"og_image_custom_fields":null,"og_video":"","og_custom_url":null,"og_article_section":null,"og_article_tags":null,"twitter_use_og":false,"twitter_card":"default","twitter_image_type":"default","twitter_image_url":null,"twitter_image_custom_url":null,"twitter_image_custom_fields":null,"twitter_title":null,"twitter_description":null,"schema":{"blockGraphs":[],"customGraphs":[],"default":{"data":{"Article":[],"Course":[],"Dataset":[],"FAQPage":[],"Movie":[],"Person":[],"Product":[],"ProductReview":[],"Car":[],"Recipe":[],"Service":[],"SoftwareApplication":[],"WebPage":[]},"graphName":"BlogPosting","isEnabled":true},"graphs":[]},"schema_type":"default","schema_type_options":null,"pillar_content":false,"robots_default":true,"robots_noindex":false,"robots_noarchive":false,"robots_nosnippet":false,"robots_nofollow":false,"robots_noimageindex":false,"robots_noodp":false,"robots_notranslate":false,"robots_max_snippet":"-1","robots_max_videopreview":"-1","robots_max_imagepreview":"large","priority":null,"frequency":"default","local_seo":null,"breadcrumb_settings":null,"limit_modified_date":false,"ai":null,"created":"2025-02-17 19:33:44","updated":"2025-06-24 06:41:13","seo_analyzer_scan_date":null,"focus_keyword":null,"additional_keywords":null,"truseo_locale":null},"aioseo_breadcrumb":"<div class=\"aioseo-breadcrumbs\"><span class=\"aioseo-breadcrumb\">\n\t\t\t<a href=\"https:\/\/respaldo.aniu.org.uy\/en\/\" title=\"Inicio\">Inicio<\/a>\n\t\t<\/span><span class=\"aioseo-breadcrumb-separator\">&raquo;<\/span><span class=\"aioseo-breadcrumb\">\n\t\t\t<a href=\"https:\/\/respaldo.aniu.org.uy\/en\/category\/news\/\" title=\"News\">News<\/a>\n\t\t<\/span><span class=\"aioseo-breadcrumb-separator\">&raquo;<\/span><span class=\"aioseo-breadcrumb\">\n\t\t\t<a href=\"https:\/\/respaldo.aniu.org.uy\/en\/category\/news\/2025-en\/\" title=\"2025\">2025<\/a>\n\t\t<\/span><span class=\"aioseo-breadcrumb-separator\">&raquo;<\/span><span class=\"aioseo-breadcrumb\">\n\t\t\tNotes on climate change and its impact on Uruguay\n\t\t<\/span><\/div>","aioseo_breadcrumb_json":[{"label":"Inicio","link":"https:\/\/respaldo.aniu.org.uy\/en\/"},{"label":"News","link":"https:\/\/respaldo.aniu.org.uy\/en\/category\/news\/"},{"label":"2025","link":"https:\/\/respaldo.aniu.org.uy\/en\/category\/news\/2025-en\/"},{"label":"Notes on climate change and its impact on Uruguay","link":"https:\/\/respaldo.aniu.org.uy\/en\/news\/notes-on-climate-change-and-its-impact-on-uruguay-an-analysis-by-eng-victor-sposito\/"}],"_links":{"self":[{"href":"https:\/\/respaldo.aniu.org.uy\/en\/wp-json\/wp\/v2\/posts\/11661","targetHints":{"allow":["GET"]}}],"collection":[{"href":"https:\/\/respaldo.aniu.org.uy\/en\/wp-json\/wp\/v2\/posts"}],"about":[{"href":"https:\/\/respaldo.aniu.org.uy\/en\/wp-json\/wp\/v2\/types\/post"}],"author":[{"embeddable":true,"href":"https:\/\/respaldo.aniu.org.uy\/en\/wp-json\/wp\/v2\/users\/3"}],"replies":[{"embeddable":true,"href":"https:\/\/respaldo.aniu.org.uy\/en\/wp-json\/wp\/v2\/comments?post=11661"}],"version-history":[{"count":0,"href":"https:\/\/respaldo.aniu.org.uy\/en\/wp-json\/wp\/v2\/posts\/11661\/revisions"}],"wp:featuredmedia":[{"embeddable":true,"href":"https:\/\/respaldo.aniu.org.uy\/en\/wp-json\/wp\/v2\/media\/11655"}],"wp:attachment":[{"href":"https:\/\/respaldo.aniu.org.uy\/en\/wp-json\/wp\/v2\/media?parent=11661"}],"wp:term":[{"taxonomy":"category","embeddable":true,"href":"https:\/\/respaldo.aniu.org.uy\/en\/wp-json\/wp\/v2\/categories?post=11661"},{"taxonomy":"post_tag","embeddable":true,"href":"https:\/\/respaldo.aniu.org.uy\/en\/wp-json\/wp\/v2\/tags?post=11661"}],"curies":[{"name":"wp","href":"https:\/\/api.w.org\/{rel}","templated":true}]}}